{"id":16510,"date":"2018-03-17T14:23:38","date_gmt":"2018-03-17T14:23:38","guid":{"rendered":"http:\/\/mamasandpapas.hu\/?p=16510"},"modified":"2022-10-25T10:14:48","modified_gmt":"2022-10-25T10:14:48","slug":"jatekok-hason-fekveshez","status":"publish","type":"post","link":"https:\/\/mamasandpapas.hu\/blog\/jatekok-hason-fekveshez\/","title":{"rendered":"J\u00e1t\u00e9kok hasonfekv\u00e9shez &#8211; hogy tedd \u00e9rdekess\u00e9 a hasonfekv\u00e9st a bab\u00e1nak"},"content":{"rendered":"<div class=\"wpb-content-wrapper\"><p>Mint gy\u00f3gypedag\u00f3gus nem gy\u0151z\u00f6m kihangs\u00falyozni a megfelel\u0151 mozg\u00e1sfejl\u0151d\u00e9s fontoss\u00e1g\u00e1t, hiszen az agy \u00e9r\u00e9s\u00e9nek folyamatai kv\u00e1zi lek\u00e9pez\u0151dnek a kisbaba mozg\u00e1s\u00e1nak alakul\u00e1s\u00e1val. L\u00e1tsz\u00f3lag ban\u00e1lisnak t\u0171n\u0151 elmarad\u00e1sok, vagy \u00e9ppen mozg\u00e1sform\u00e1k kimarad\u00e1sa csecsem\u0151korban, majd az iskolai teljes\u00edtm\u00e9nyek kudarcaiban k\u00f6sz\u00f6nhetnek vissza. Az, hogy a baba mikor emeli a fej\u00e9t, hogy mikor forgol\u00f3dik, hogy k\u00faszott \u00e9s m\u00e1szott-e, mind el\u0151jelei lehetnek valamilyen \u00e9r\u00e9si k\u00e9s\u00e9snek vagy \u00e9ppen fejl\u0151d\u00e9sbeli elmarad\u00e1snak. Korai fejleszt\u00e9ssel remek\u00fcl helyre lehet hozni. \u00c9ppen ez\u00e9rt \u00e9rdemes figyelni a jeleket, \u00e9s mindig jelezni a gyerekorvosnak egy-egy mozg\u00e1s kimarad\u00e1s\u00e1t. De mi magunk is sokat tehet\u00fcnk az\u00e9rt, hogy bab\u00e1nk megfelel\u0151 \u00fctemben fejl\u0151dj\u00f6n, csak ehhez okosan kell a babaj\u00e1t\u00e9kokat haszn\u00e1lni.<\/p>\n<p>Nem is gondoln\u00e1nk, hogy a hason val\u00f3 j\u00e1t\u00e9k mennyire sokat sz\u00e1m\u00edt abban, hogy a baba megfelel\u0151en fejl\u0151dj\u00f6n. Ha sokat van nappal (nem csak \u00e9jszakai alv\u00e1sn\u00e1l) a baba hason, akkor egyr\u00e9szt megtanulja \u00fcgyesen megtartani a fej\u00e9t, m\u00e1sr\u00e9szt a forg\u00e1s k\u00f6nnyebben beindulhat. Hason fekv\u0151 poz\u00edci\u00f3b\u00f3l indul ki a k\u00fasz\u00e1s, amely sor\u00e1n a v\u00e1ltott k\u00e9z-l\u00e1b mozg\u00e1s olyan idegi p\u00e1ly\u00e1kat \u00e9p\u00edt ki, amelyek a k\u00e9s\u0151bbi \u00edr\u00e1s-olvas\u00e1s sor\u00e1n n\u00e9lk\u00fcl\u00f6zhetetlenek lesznek. Ha a baba nem szeret, vagy nem tud sok\u00e1ig hason fek\u00fcdni, az lehet annak a jele, hogy bizonyos csecsem\u0151kori reflexek nem g\u00e1tl\u00f3dtak le, ilyenkor a baba rendszerint rep\u00fcl\u0151zik, a has\u00e1n hint\u00e1zik, \u00e9s nem k\u00e9pes sok\u00e1ig a karj\u00e1val megtartani mag\u00e1t. Ha ezt tapasztaljuk, akkor k\u00f6nnyen seg\u00edthet\u00fcnk abban, hogy a hason fekv\u0151 p\u00f3zt megszokja, m\u00e9ghozz\u00e1 \u00fagy, hogy a kezeit kv\u00e1zi tehermentes\u00edtj\u00fck. Ilyenkor egy henger alak\u00fa, puha j\u00e1tsz\u00f3p\u00e1rn\u00e1t kell a baba mellkasa al\u00e1 tenni, s izgalmas j\u00e1t\u00e9kokat el\u00e9 rakni.<\/p>\n<h3><strong>J\u00e1tsz\u00f3p\u00e1rna \u00e9s matrac kisgyerekeknek<\/strong><\/h3>\n<p>A j\u00e1tsz\u00f3p\u00e1rna nemcsak sok\u00e1ig k\u00e9pes lek\u00f6tni egy bab\u00e1t, hanem kifejezetten seg\u00edti a mozg\u00e1sfejleszt\u00e9st, hiszen el\u0151seg\u00edti, hogy a baba min\u00e9l t\u00f6bbet legyen hason. Ebb\u0151l k\u00e9s\u0151bb kialakulhat a k\u00fasz\u00e1s \u00e9s a m\u00e1sz\u00e1s. A j\u00e1tsz\u00f3p\u00e1rna el\u0151nye, hogy mozg\u00e1sra hangot ad, t\u00f6bbf\u00e9le m\u00f3k\u00e1s elem l\u00f3g rajta, \u00e9s anyag\u00e1ban elt\u00e9r\u0151. \u00cdgy a baba hosszan tanulm\u00e1nyozhatja azt. Nem csak j\u00e1r\u00f3k\u00e1ban haszn\u00e1lhat\u00f3, hanem puha sz\u0151nyegen vagy j\u00e1tsz\u00f3sz\u0151nyegen egyar\u00e1nt. Ilyen p\u00e9ld\u00e1ul a<strong> <a href=\"https:\/\/mamasandpapas.hu\/termek\/tummy-time-wish-upon-a-cloud\/\">Tummy Time &#8211; Wish upon a Cloud<\/a><\/strong> j\u00e1tsz\u00f3p\u00e1rna. A <strong><a href=\"https:\/\/mamasandpapas.hu\/termek\/tummy-time-aktivszonyeg-az-elso\/\">Tummy Time hasonfekv\u0151s elef\u00e1nt<\/a><\/strong> is t\u00f6k\u00e9letes verzi\u00f3ja a hasonfekv\u00e9st seg\u00edt\u0151 j\u00e1tsz\u00f3p\u00e1rn\u00e1knak.<\/p>\n<h3><strong>J\u00e1tsz\u00f3sz\u0151nyeg bab\u00e1knak<\/strong><\/h3>\n<p>Alapvet\u0151en egy kisgyerek fejl\u0151d\u00e9s\u00e9hez a szabad j\u00e1t\u00e9k a legnagyszer\u0171bb m\u00f3d: hagyni a cs\u00f6pps\u00e9get, hogy a maga m\u00f3dj\u00e1n \u00e9s temp\u00f3j\u00e1ban fedezze fel a vil\u00e1got \u00e9s k\u00f6rnyezet\u00e9t. \u00c9s hogy mi mit tehet\u00fcnk annak \u00e9rdek\u00e9ben, hogy ez a fejleszt\u0151 felfedez\u00e9s a lehet\u0151 leghat\u00e9konyabban m\u0171k\u00f6dj\u00f6n? T\u00f6lts\u00fcnk min\u00e9l t\u00f6bb akt\u00edv id\u0151t gyermek\u00fcnkkel \u00e9s vegy\u00fck k\u00f6rbe olyan j\u00e1t\u00e9kokkal, amelyek nemcsak megfelel\u0151en stimul\u00e1lj\u00e1k az idegrendszert, hanem hossz\u00fa id\u0151re le is k\u00f6tik a gyerekeket.<\/p>\n<p>A hason val\u00f3 j\u00e1t\u00e9khoz m\u00e1r a kis\u00e1gyban, vagy j\u00e1r\u00f3k\u00e1ban is szoktathatjuk a bab\u00e1t, el\u00e9g hozz\u00e1 egy, a kis\u00e1gy r\u00e1csaira felk\u00f6thet\u0151 textil j\u00e1t\u00e9k. Ez t\u00f6bb izgalmas j\u00e1t\u00e9klehet\u0151s\u00e9get is rejt mag\u00e1ban. T\u00f6bbek k\u00f6zt ehhez aj\u00e1nljuk a <strong><a href=\"https:\/\/mamasandpapas.hu\/termek\/done-by-deer-fejleszto-gyuru-lalee-homokszinu\/\">Done by Deer Fejleszt\u0151 gy\u0171r\u0171j\u00e9t<\/a><\/strong> (homok \u00e9s egy\u00e9b sz\u00ednekben).<\/p>\n<p>A legt\u00f6bb sz\u00fcl\u0151 kifejezetten kedveli a<strong> <a href=\"https:\/\/mamasandpapas.hu\/termek\/jatszoszonyeg-wish-upon-a-cloud\/\" target=\"_blank\" rel=\"noopener noreferrer\">hagyom\u00e1nyos j\u00e1tsz\u00f3sz\u0151nyegeket<\/a><\/strong>. \u00dajsz\u00fcl\u00f6tt kort\u00f3l nagyj\u00e1b\u00f3l 3 h\u00f3napos korig a bolt\u00edveken l\u00f3g\u00f3 sz\u00ednes, izgalmas j\u00e1t\u00e9kok \u00f6szt\u00f6nzik a bab\u00e1t arra, hogy \u00e9rt\u00fck ny\u00faljon, j\u00e1tsszon vel\u00fck. A legjobb j\u00e1tsz\u00f3sz\u0151nyegekn\u00e9l mag\u00e1n a fekv\u0151 fel\u00fcleten is sz\u00e1mos \u00e9rdekes j\u00e1t\u00e9k tal\u00e1lhat\u00f3, legyen az babat\u00fck\u00f6r, z\u00f6rg\u0151k\u00e9k vagy egyszer\u0171 sz\u00ednes szalagok. Ezek felkeltik a baba \u00e9rdekl\u0151d\u00e9s\u00e9t, \u00e9s arra k\u00e9sztetik, hogy odaforduljon, hason fekv\u0151 p\u00f3zban fedezze fel \u0151ket. \u00c9ppen ez\u00e9rt nagyobb korban m\u00e1r \u00e9rdemes a bolt\u00edvet lecsatolni a sz\u0151nyegr\u0151l, \u00e9s a levehet\u0151 j\u00e1t\u00e9kokat a sz\u0151nyeg k\u00fcl\u00f6nb\u00f6z\u0151 pontjaira helyezni.<\/p>\n<h3><strong>T\u00fck\u00f6r, mint fejleszt\u0151 babaj\u00e1t\u00e9k<\/strong><\/h3>\n<p>A kisbab\u00e1k napr\u00f3l napra fejl\u0151dnek, fedezik fel a vil\u00e1got. K\u00eds\u00e9rletek bizony\u00edtj\u00e1k, hogy az emberi arcot szeretik legink\u00e1bb felt\u00e9rk\u00e9pezni. Az \u00e9rzelmeket, a v\u00e1laszreakci\u00f3kat \u00edgy tanulj\u00e1k meg. Saj\u00e1t kis arcuk megfigyel\u00e9se is rendk\u00edv\u00fcl fontos ahhoz, hogy k\u00e9s\u0151bb k\u00f6nnyebben tudja mag\u00e1t belehelyezni k\u00f6rnyezet\u00e9be, s felfedezni az \u00e9nj\u00e9t.<\/p>\n<p>Azok a j\u00e1t\u00e9kok is nagyon j\u00f3k, amelyek egyszerre t\u00f6bb \u00e9rz\u00e9kel\u00e9st, kognit\u00edv funkci\u00f3t stimul\u00e1lnak, mint p\u00e9ld\u00e1ul a puha lapoz\u00f3s k\u00f6nyvek. A kis k\u00f6nyv lapjain k\u00fcl\u00f6nf\u00e9le izgalmas felfedeznival\u00f3t tal\u00e1l a baba, hol z\u00f6r\u00f6g, hol s\u00edpol, hol m\u00e1s tapint\u00e1s\u00fa a k\u00f6nyv lapja, s a benne l\u00e9v\u0151 stiliz\u00e1lt, megtapinthat\u00f3 \u00e1br\u00e1k egyszerre fejlesztik a vizu\u00e1lis, taktilis \u00e9s hall\u00e1si \u00e9szlel\u00e9st. Egyik kedvenc ilyen\u00fcnk a <strong><a href=\"https:\/\/mamasandpapas.hu\/termek\/fejleszto-babakonyv-sea-friends\/\">Done by Deer Sea friends fejleszt\u0151 babak\u00f6nyve<\/a><\/strong>. Arr\u00f3l nem is besz\u00e9lve, hogy a bab\u00e1k ezeket a k\u00f6nyveket m\u00e9g b\u00e1tran r\u00e1ghatj\u00e1k, fogz\u00e1sk\u00f6nny\u00edt\u0151nek is kiv\u00e1l\u00f3ak!<\/p>\n<p>Ha \u00e9rdekel, hogy milyen j\u00e1t\u00e9kokkal tudod m\u00e9g bab\u00e1d \u00e9rz\u00e9kszerveit stimul\u00e1lni, n\u00e9zz k\u00f6r\u00fcl fejleszt\u0151 j\u00e1t\u00e9kaink k\u00f6z\u00f6tt, hogy bab\u00e1d j\u00e1tszva fejl\u0151dj\u00f6n!<\/p>\n<p>&nbsp;<\/p>\n<h1><strong>+ n\u00e9h\u00e1ny szuper babaj\u00e1t\u00e9k \u00f6n\u00e1ll\u00f3 j\u00e1t\u00e9khoz\u00a0<\/strong><\/h1>\n<div class=\"post-single-meta\">\n<h1><\/h1>\n<\/div>\n<div class=\"post-content post-single-content\">\n<div class=\"vc_row wpb_row vc_row-fluid\">\n<div class=\"wpb_column vc_column_container vc_col-sm-12\">\n<div class=\"vc_column-inner \">\n<div class=\"wpb_wrapper\">\n<div class=\"wpb_text_column wpb_content_element \">\n<div class=\"wpb_wrapper\">\n<p>B\u00e1r a legt\u00f6bb sz\u00fcl\u0151 im\u00e1d kisgyermek\u00e9vel j\u00e1tszani \u00e9s foglalkozni, term\u00e9szetes \u00e9s fontos l\u00e9pcs\u0151fok a gyermek fejl\u0151d\u00e9s\u00e9ben, amikor egy-egy j\u00e1t\u00e9kkal, sz\u00e1m\u00e1ra \u00e9rdekes dologgal viszonylag hossz\u00fa ideig le tudja mag\u00e1t k\u00f6tni. Mert valljuk be, egy kisgyerek mellett b\u0151ven van teend\u0151je a sz\u00fcl\u0151knek, j\u00f3l j\u00f6n egy kis nyugalom, amikor az anyuka m\u00e1ssal is tud foglalkozni. Az el\u0151z\u0151 gener\u00e1ci\u00f3 m\u00e9g el\u0151szeretettel haszn\u00e1lta a j\u00e1r\u00f3k\u00e1t, ahol a baba vagy kisgyerek biztons\u00e1gosan tudott j\u00e1tszani, m\u00edg ez ma m\u00e1r kev\u00e9sb\u00e9 n\u00e9pszer\u0171, \u00e9s az \u00e1lland\u00f3 jelenl\u00e9t \u00e9s foglalkoztat\u00e1s az, amelyet a legt\u00f6bb mai anyuka alkalmaz. Term\u00e9szetesen nincs ann\u00e1l jobb, amikor egy sz\u00fcl\u0151 figyelme maxim\u00e1lisan a gyermek\u00e9n van, de m\u00e1r p\u00e1r h\u00f3napos korban is \u00e9rdemes hagyni a bab\u00e1t, hogy egyed\u00fcl fedezze fel a k\u00f6rnyezet\u00e9t, a j\u00e1t\u00e9kait, hiszen az \u00f6n\u00e1ll\u00f3 tev\u00e9kenys\u00e9g \u00e1ltal tanul meg kooper\u00e1lni, indul be a fant\u00e1zia, a tettv\u00e1gy \u00e9s gyakran a mozg\u00e1s is, hiszen egy-egy izgalmas t\u00e1rgy\u00e9rt k\u00faszni-m\u00e1szni kell. A k\u00f6vetkez\u0151 j\u00e1t\u00e9kok mind el\u0151seg\u00edtik azt, hogy a kisgyerekek \u00f6n\u00e1ll\u00f3an is feltal\u00e1lj\u00e1k magukat.<\/p>\n<h3><strong>Babak\u00f6nyv<\/strong><\/h3>\n<p>Olvas\u00f3v\u00e1 nevel\u00e9st nem lehet el\u00e9g kor\u00e1n elkezdeni! Egy j\u00f3 k\u00f6nyv m\u00e1r a legkisebbek fant\u00e1zi\u00e1j\u00e1t is megragadja, hab\u00e1r kezdetben csak k\u00f3stolgatj\u00e1k, h\u00fazz\u00e1k-vonj\u00e1k, k\u00e9s\u0151bb a vid\u00e1m rajzok, az elt\u00e9r\u0151 anyagok, a kis k\u00fcl\u00f6nleges bet\u00e9tek k\u00f6tik le bab\u00e1t, majd 1-2 \u00e9ves kor\u00e1ban m\u00e1r a r\u00f6vid kis t\u00f6rt\u00e9net lesz izgalmas. A puha babaolvas\u00f3k\u00f6nyv, mint p\u00e9ld\u00e1ul a <strong><a href=\"https:\/\/mamasandpapas.hu\/termek\/erzekfejleszto-babakonyv-sea-friends\/\">Done by Deer fejeszt\u0151 \u00e9rz\u00e9kfejleszt\u0151 babak\u00f6nyv<\/a><\/strong>, k\u00f6nnyen felakaszthat\u00f3 a kis\u00e1gy vagy j\u00e1r\u00f3ka r\u00e1csaira, de babakocsis s\u00e9t\u00e1n\u00e1l vagy aut\u00f3s utaz\u00e1sn\u00e1l is j\u00f3l j\u00f6n, ha a gyermeket le kell k\u00f6tni.<\/p>\n<h3><strong>\u00dcl\u0151- \u00e9s j\u00e1tsz\u00f3p\u00e1rna bab\u00e1knak<\/strong><\/h3>\n<p>Az \u00fcl\u0151- \u00e9s j\u00e1tsz\u00f3p\u00e1rna m\u00e1r \u00fclni stabilan tud\u00f3 bab\u00e1knak k\u00e9sz\u00fclt, biztons\u00e1gos, puha f\u00e9szk\u00e9ben a kisgyerekek kifejezetten sok\u00e1ig tudnak j\u00e1tszani, n\u00e9zel\u0151dni, tev\u00e9kenykedni. Biztons\u00e1gos, mert ha a baba m\u00e9gis elbillenne, akkor fej\u00e9t, test\u00e9t v\u00e9di a puha p\u00e1rna, \u00e9s izgalmas, mert k\u00f6nnyen hozz\u00e1csatolhat\u00f3 egy j\u00e1t\u00e9kpanel, amelyen k\u00fcl\u00f6nf\u00e9le anyag\u00fa j\u00e1t\u00e9kok pr\u00f3b\u00e1lj\u00e1k a baba figyelm\u00e9t megfogni \u00e9s lek\u00f6tni. <strong><a href=\"https:\/\/mamasandpapas.hu\/termek\/ulo-es-jatszoparna-wish-upon-a-cloud\/\">A Mamas&amp;Papas \u00dcl\u0151 \u00e9s j\u00e1tsz\u00f3p\u00e1rn\u00e1ja &#8211; Wish Upon a Cloud<\/a><\/strong> nagyon j\u00f3 v\u00e1laszt\u00e1s erre a c\u00e9lra.<\/p>\n<h3><strong>Rakosgathat\u00f3s kock\u00e1k<\/strong><\/h3>\n<p>Az egym\u00e1sra \u00e9s egym\u00e1sba rakhat\u00f3 kock\u00e1k gyakorlatilag a leg\u0151sibb \u00e9s legn\u00e9pszer\u0171bb j\u00e1t\u00e9kok k\u00f6z\u00e9 tartoznak, nem v\u00e9letlen\u00fcl. A n\u00f6vekv\u0151 kock\u00e1kb\u00f3l nemcsak feld\u00f6nthet\u0151 tornyot \u00e9p\u00edthet kisgyermek\u00fcnk, hanem logikai gondolkod\u00e1s\u00e1t is fejlesztheti. Igazi univerz\u00e1lis j\u00e1t\u00e9k, hiszen eg\u00e9szen kiskort\u00f3l a gyerekek kez\u00e9be adhat\u00f3: kezdetben csak \u00f6ssze\u00fct\u00f6geti \u0151ket a baba, majd nagyobb korban megpr\u00f3b\u00e1l \u00e9p\u00edteni bel\u0151le, vagy egym\u00e1sba rakosgatja \u0151ket, eg\u00e9szen nagy gyerekek (ak\u00e1r \u00f3vod\u00e1sok is), pedig im\u00e1dnak tornyot \u00e9p\u00edteni, bevonni a dobozokat a szerepj\u00e1t\u00e9kaiba. Ehhez a j\u00e1t\u00e9khoz egyik kedvenc\u00fcnk a <strong><a href=\"https:\/\/mamasandpapas.hu\/termek\/done-by-deer-egymasba-rakhato-kockak-szines\/\">Done by Deer egym\u00e1sba rakhat\u00f3 sz\u00ednes kock\u00e1k<\/a>.<\/strong><\/p>\n<h3><strong>Utaz\u00f3s j\u00e1t\u00e9k, ami \u00fatk\u00f6zben is fejleszti a bab\u00e1t<\/strong><\/h3>\n<p>Ha \u00faton vagyunk, vagy utazunk, sem kell lemondanunk a min\u0151s\u00e9gi fejleszt\u0151 j\u00e1t\u00e9kokr\u00f3l. Az aut\u00f3 \u00fcl\u00e9s\u00e9re k\u00f6thet\u0151 j\u00e1t\u00e9k panel mindent tartalmaz, amely j\u00f3 ideig lek\u00f6ti a baba figyelm\u00e9t. Babat\u00fck\u00f6r, z\u00f6rg\u0151, r\u00e1ghat\u00f3, tapinthat\u00f3 l\u00f3g\u00f3 j\u00e1t\u00e9kok, felfedez\u00e9sre v\u00e1r\u00f3 b\u00e1jos mint\u00e1k, lapozhat\u00f3 elemek.<\/p>\n<\/div>\n<\/div>\n<\/div>\n<\/div>\n<\/div>\n<\/div>\n<\/div>\n<p>&nbsp;<\/p>\n<\/div>","protected":false},"excerpt":{"rendered":"<p>Mint gy\u00f3gypedag\u00f3gus nem gy\u0151z\u00f6m kihangs\u00falyozni a megfelel\u0151 mozg\u00e1sfejl\u0151d\u00e9s fontoss\u00e1g\u00e1t, hiszen az agy \u00e9r\u00e9s\u00e9nek folyamatai kv\u00e1zi lek\u00e9pez\u0151dnek a kisbaba mozg\u00e1s\u00e1nak alakul\u00e1s\u00e1val. L\u00e1tsz\u00f3lag ban\u00e1lisnak t\u0171n\u0151 elmarad\u00e1sok, vagy \u00e9ppen mozg\u00e1sform\u00e1k kimarad\u00e1sa csecsem\u0151korban, majd az iskolai teljes\u00edtm\u00e9nyek kudarcaiban k\u00f6sz\u00f6nhetnek vissza. Az, hogy a baba mikor emeli a fej\u00e9t, hogy mikor forgol\u00f3dik, hogy k\u00faszott \u00e9s&#8230;<\/p>\n","protected":false},"author":4,"featured_media":0,"comment_status":"open","ping_status":"open","sticky":false,"template":"","format":"standard","meta":{"_acf_changed":false,"footnotes":""},"categories":[419,2,422],"tags":[7,201,17,202],"class_list":["post-16510","post","type-post","status-publish","format-standard","hentry","category-a-baba-fejlodese","category-jatek","category-mamas-papas-utmutato","tag-baba","tag-fejleszto-gyerekjatek","tag-mamasandpapas","tag-mozgasfejlodes"],"acf":[],"amp_enabled":true,"_links":{"self":[{"href":"https:\/\/mamasandpapas.hu\/blog\/wp-json\/wp\/v2\/posts\/16510","targetHints":{"allow":["GET"]}}],"collection":[{"href":"https:\/\/mamasandpapas.hu\/blog\/wp-json\/wp\/v2\/posts"}],"about":[{"href":"https:\/\/mamasandpapas.hu\/blog\/wp-json\/wp\/v2\/types\/post"}],"author":[{"embeddable":true,"href":"https:\/\/mamasandpapas.hu\/blog\/wp-json\/wp\/v2\/users\/4"}],"replies":[{"embeddable":true,"href":"https:\/\/mamasandpapas.hu\/blog\/wp-json\/wp\/v2\/comments?post=16510"}],"version-history":[{"count":10,"href":"https:\/\/mamasandpapas.hu\/blog\/wp-json\/wp\/v2\/posts\/16510\/revisions"}],"predecessor-version":[{"id":107025,"href":"https:\/\/mamasandpapas.hu\/blog\/wp-json\/wp\/v2\/posts\/16510\/revisions\/107025"}],"wp:attachment":[{"href":"https:\/\/mamasandpapas.hu\/blog\/wp-json\/wp\/v2\/media?parent=16510"}],"wp:term":[{"taxonomy":"category","embeddable":true,"href":"https:\/\/mamasandpapas.hu\/blog\/wp-json\/wp\/v2\/categories?post=16510"},{"taxonomy":"post_tag","embeddable":true,"href":"https:\/\/mamasandpapas.hu\/blog\/wp-json\/wp\/v2\/tags?post=16510"}],"curies":[{"name":"wp","href":"https:\/\/api.w.org\/{rel}","templated":true}]}}